{"id":11336,"date":"2023-02-16T13:01:26","date_gmt":"2023-02-16T15:01:26","guid":{"rendered":"https:\/\/susiandjames.com\/?p=11336"},"modified":"2026-03-25T05:39:30","modified_gmt":"2026-03-25T05:39:30","slug":"marcel","status":"publish","type":"post","link":"https:\/\/susiandjames.com\/en\/marcel\/","title":{"rendered":"Marcel #accelerate"},"content":{"rendered":"<p><strong>Marcel joined the SUSI&amp;James team as Managing Director on January 1, 2021. Thanks to his management and leadership skills, combined with extensive industry knowledge, a broad network of contacts, and many years of experience, Marcel has been able to positively influence the company\u2019s growth and drive the further development of internal processes.<\/strong><\/p>\r\n\r\n\r\n\r\n<blockquote class=\"wp-block-quote is-layout-flow wp-block-quote-is-layout-flow\">\r\n<blockquote class=\"wp-block-quote is-layout-flow wp-block-quote-is-layout-flow\">\r\n<p><strong><em>\u201cTo me, SUSI&amp;James represents innovative strength, the potential for growth and for creating a true game-changer, as well as the freedom to act.\u201d<\/em><\/strong><\/p>\r\n<\/blockquote>\r\n<\/blockquote>\r\n\r\n\r\n\r\n<p>Marcel is a sports enthusiast who values principles and enjoys life, with a particular fondness for rock and metal music. He is a proud native of the Rhineland, and his social circle plays an important role in his personal life. Marcel enjoys spending his free time on sports\u2014both as a participant and a spectator. He is known for his quick wit and his rational, inquisitive nature, qualities that are essential to his role as managing director in his daily professional life.<\/p>\r\n\r\n\r\n\r\n<p>Acting rationally by weighing opportunities against risks is crucial in such a position. \u201cWhen leading a company, one must never forget that the company is made up of employees and depends on them for its survival. A decision made \u2018on a whim\u2019 can have disastrous consequences that affect both the company itself and its employees!\u201d Marcel\u2019s curiosity helps him understand what simplifies\u2014and could simplify\u2014our customers\u2019 daily lives. This reflects the innovative strength and drive of SUSI&amp;James, as we aim to make our customers\u2019 daily lives easier with our digital assistant SUSI and our industry-specific solutions.<\/p>\r\n\r\n\r\n\r\n<p>Marcel earned his degree in physics with a focus on nonlinear time series analysis. He worked for a long time as a student employee in the IT department of his former employer. After graduating in 2009, he took on his first management role, which came with its share of hurdles to overcome. \u201cPeople aren\u2019t machines. You have to reach out to them, motivate them, and communicate with them a lot. Leadership is something you can learn\u2014experience helps\u2014but you also have to want it and enjoy it yourself.\u201d Nevertheless, Marcel managed to overcome these hurdles, learned to deal with difficulties, and grew from them.<\/p>\r\n\r\n\r\n\r\n<p>As he progressed in his career to become a director and authorized signatory, he held various other management positions and gradually gained experience in an international setting, for example through assignments in China and the United States. In the process, he took on various roles with full profit and loss responsibility in the automotive and IT sectors and became familiar with the working methods and structures of large corporations. This extensive and valuable experience, along with various coaching sessions undertaken alongside his career, enables Marcel to contribute to the development of SUSI&amp;James.<\/p>\r\n\r\n\r\n\r\n<p>Marcel learned about SUSI&amp;James through his contacts. He deliberately chose a young and innovative startup so that he could leverage his extensive network to help attract new clients in the automotive and service &amp; retail sectors. Marcel also supported the further development of SUSI&amp;James\u2019s internal processes. \u201cFor example, in the first quarter, a framework was established in the area of controlling that is capable of supporting SUSI&amp;James\u2019s planned growth.\u201d<\/p>\r\n\r\n\r\n\r\n<blockquote class=\"wp-block-quote is-layout-flow wp-block-quote-is-layout-flow\">\r\n<blockquote class=\"wp-block-quote is-layout-flow wp-block-quote-is-layout-flow\">\r\n<p><strong><em>\u201cI want to help the company become the market leader in digital employees.\u201d<\/em><em>\u201d<\/em><\/strong><\/p>\r\n<\/blockquote>\r\n<\/blockquote>\r\n\r\n\r\n\r\n<p>Marcel\u2019s responsibilities include ensuring, both internally and externally, that the necessary conditions are met so that our company can identify and efficiently develop growth opportunities. He facilitates and supports both our projects and processes by maintaining a comprehensive overview of current initiatives. In doing so, Marcel works closely with our employees and clients to ensure that everything runs smoothly. Should any obstacles arise during the execution of a project, Marcel acts as the liaison with the customer, communicates these issues, and helps find solutions.<\/p>\r\n\r\n\r\n\r\n<p>It\u2019s important to have experience in tailoring communication to specific audiences and to be a solution-oriented person like Marcel. \u201cSometimes I speak with customers who aren\u2019t interested in the technology itself, but in the solution it provides. Other times, customers with a technical background are interested in the technology and want to know every detail before deciding to purchase the solution. In these conversations, I have to adapt and provide the specific information that\u2019s important to the customer.\u201d His analytical thinking and objective assessment of all factors support Marcel daily in his tasks of handling business matters and further developing the organization.<\/p>\r\n\r\n\r\n\r\n<p>Marcel primarily supports projects in the automotive and service &amp; retail sectors. He usually assists project managers during client meetings at the beginning and end, but then leaves the rest of the process and planning to them. \u201cOccasionally, I also join in on discussions during complex projects. But I prefer to let the project managers lead the project and trust them to do so.\u201d<\/p>\r\n\r\n\r\n\r\n<p>Marcel decided to choose the hashtag #accelerate because growing the company is part of his job: \u201cIt\u2019s my job to grow the company, and that involves speeding up all processes so the company gains momentum overall. Intrinsic momentum is a necessary prerequisite for a company to gain traction.\u201d Marcel\u2019s vision is for SUSI to become synonymous with digital employees within a few years. \u201cSUSI should become the synonym for digital employees, just as Nutella is for hazelnut spread or Tempo is for tissues. Our solution should become the leading solution, especially in the business environment\u2014that would be a real game-changer!\u201d<\/p>\r\n\r\n\r\n\r\n<p>We\u2019d like to thank Marcel for the interview and are thrilled to have him as our CEO!<\/p>","protected":false},"excerpt":{"rendered":"<p>Marcel schloss sich als Gesch\u00e4ftsf\u00fchrer am 01.01.2021 dem Team der SUSI&#038;James an. Durch seine Management- und F\u00fchrungskompetenz gepaart mit einer umfangreichen Branchenkenntnis, einem gro\u00dfen Netzwerk an Kontakten und langj\u00e4hriger Erfahrung konnte Marcel die Gesch\u00e4ftsentwicklung positiv beeinflussen und die Weiterentwicklung interner Prozesse vorantreiben.<\/p>","protected":false},"author":3,"featured_media":19452,"comment_status":"open","ping_status":"open","sticky":false,"template":"","format":"standard","meta":{"_acf_changed":false,"footnotes":""},"categories":[54],"tags":[64,65],"class_list":["post-11336","post","type-post","status-publish","format-standard","has-post-thumbnail","hentry","category-mitarbeiterstories","tag-ceo","tag-geschaeftsfuehrer"],"acf":[],"yoast_head":"<!-- This site is optimized with the Yoast SEO plugin v27.3 - https:\/\/yoast.com\/product\/yoast-seo-wordpress\/ -->\n<title>Marcel #accelerate - Susi &amp; James<\/title>\n<meta name=\"robots\" content=\"index, follow, max-snippet:-1, max-image-preview:large, max-video-preview:-1\" \/>\n<link rel=\"canonical\" href=\"https:\/\/susiandjames.com\/en\/marcel\/\" \/>\n<meta property=\"og:locale\" content=\"en_US\" \/>\n<meta property=\"og:type\" content=\"article\" \/>\n<meta property=\"og:title\" content=\"Marcel #accelerate - Susi &amp; James\" \/>\n<meta property=\"og:description\" content=\"Marcel schloss sich als Gesch\u00e4ftsf\u00fchrer am 01.01.2021 dem Team der SUSI&amp;James an. Durch seine Management- und F\u00fchrungskompetenz gepaart mit einer umfangreichen Branchenkenntnis, einem gro\u00dfen Netzwerk an Kontakten und langj\u00e4hriger Erfahrung konnte Marcel die Gesch\u00e4ftsentwicklung positiv beeinflussen und die Weiterentwicklung interner Prozesse vorantreiben.\" \/>\n<meta property=\"og:url\" content=\"https:\/\/susiandjames.com\/en\/marcel\/\" \/>\n<meta property=\"og:site_name\" content=\"Susi &amp; James\" \/>\n<meta property=\"article:published_time\" content=\"2023-02-16T15:01:26+00:00\" \/>\n<meta property=\"article:modified_time\" content=\"2026-03-25T05:39:30+00:00\" \/>\n<meta property=\"og:image\" content=\"https:\/\/susiandjames.com\/wp-content\/uploads\/2023\/02\/Marcel.jpg\" \/>\n\t<meta property=\"og:image:width\" content=\"640\" \/>\n\t<meta property=\"og:image:height\" content=\"338\" \/>\n\t<meta property=\"og:image:type\" content=\"image\/jpeg\" \/>\n<meta name=\"author\" content=\"medina\" \/>\n<meta name=\"twitter:card\" content=\"summary_large_image\" \/>\n<meta name=\"twitter:label1\" content=\"Written by\" \/>\n\t<meta name=\"twitter:data1\" content=\"medina\" \/>\n\t<meta name=\"twitter:label2\" content=\"Est. reading time\" \/>\n\t<meta name=\"twitter:data2\" content=\"5 minutes\" \/>\n<script type=\"application\/ld+json\" class=\"yoast-schema-graph\">{\"@context\":\"https:\\\/\\\/schema.org\",\"@graph\":[{\"@type\":\"Article\",\"@id\":\"https:\\\/\\\/susiandjames.com\\\/en\\\/marcel\\\/#article\",\"isPartOf\":{\"@id\":\"https:\\\/\\\/susiandjames.com\\\/en\\\/marcel\\\/\"},\"author\":{\"name\":\"medina\",\"@id\":\"https:\\\/\\\/susiandjames.com\\\/#\\\/schema\\\/person\\\/50c85b733059f91e9917ed7ceca857fe\"},\"headline\":\"Marcel #accelerate\",\"datePublished\":\"2023-02-16T15:01:26+00:00\",\"dateModified\":\"2026-03-25T05:39:30+00:00\",\"mainEntityOfPage\":{\"@id\":\"https:\\\/\\\/susiandjames.com\\\/en\\\/marcel\\\/\"},\"wordCount\":922,\"commentCount\":0,\"image\":{\"@id\":\"https:\\\/\\\/susiandjames.com\\\/en\\\/marcel\\\/#primaryimage\"},\"thumbnailUrl\":\"https:\\\/\\\/susiandjames.com\\\/wp-content\\\/uploads\\\/2023\\\/02\\\/Marcel.jpg\",\"keywords\":[\"CEO\",\"Gesch\u00e4ftsf\u00fchrer\"],\"articleSection\":[\"Mitarbeiterstories\"],\"inLanguage\":\"en-US\",\"potentialAction\":[{\"@type\":\"CommentAction\",\"name\":\"Comment\",\"target\":[\"https:\\\/\\\/susiandjames.com\\\/en\\\/marcel\\\/#respond\"]}]},{\"@type\":\"WebPage\",\"@id\":\"https:\\\/\\\/susiandjames.com\\\/en\\\/marcel\\\/\",\"url\":\"https:\\\/\\\/susiandjames.com\\\/en\\\/marcel\\\/\",\"name\":\"Marcel #accelerate - Susi &amp; James\",\"isPartOf\":{\"@id\":\"https:\\\/\\\/susiandjames.com\\\/#website\"},\"primaryImageOfPage\":{\"@id\":\"https:\\\/\\\/susiandjames.com\\\/en\\\/marcel\\\/#primaryimage\"},\"image\":{\"@id\":\"https:\\\/\\\/susiandjames.com\\\/en\\\/marcel\\\/#primaryimage\"},\"thumbnailUrl\":\"https:\\\/\\\/susiandjames.com\\\/wp-content\\\/uploads\\\/2023\\\/02\\\/Marcel.jpg\",\"datePublished\":\"2023-02-16T15:01:26+00:00\",\"dateModified\":\"2026-03-25T05:39:30+00:00\",\"author\":{\"@id\":\"https:\\\/\\\/susiandjames.com\\\/#\\\/schema\\\/person\\\/50c85b733059f91e9917ed7ceca857fe\"},\"breadcrumb\":{\"@id\":\"https:\\\/\\\/susiandjames.com\\\/en\\\/marcel\\\/#breadcrumb\"},\"inLanguage\":\"en-US\",\"potentialAction\":[{\"@type\":\"ReadAction\",\"target\":[\"https:\\\/\\\/susiandjames.com\\\/en\\\/marcel\\\/\"]}]},{\"@type\":\"ImageObject\",\"inLanguage\":\"en-US\",\"@id\":\"https:\\\/\\\/susiandjames.com\\\/en\\\/marcel\\\/#primaryimage\",\"url\":\"https:\\\/\\\/susiandjames.com\\\/wp-content\\\/uploads\\\/2023\\\/02\\\/Marcel.jpg\",\"contentUrl\":\"https:\\\/\\\/susiandjames.com\\\/wp-content\\\/uploads\\\/2023\\\/02\\\/Marcel.jpg\",\"width\":640,\"height\":338,\"caption\":\"Marcel\"},{\"@type\":\"BreadcrumbList\",\"@id\":\"https:\\\/\\\/susiandjames.com\\\/en\\\/marcel\\\/#breadcrumb\",\"itemListElement\":[{\"@type\":\"ListItem\",\"position\":1,\"name\":\"Home\",\"item\":\"https:\\\/\\\/susiandjames.com\\\/\"},{\"@type\":\"ListItem\",\"position\":2,\"name\":\"Marcel #accelerate\"}]},{\"@type\":\"WebSite\",\"@id\":\"https:\\\/\\\/susiandjames.com\\\/#website\",\"url\":\"https:\\\/\\\/susiandjames.com\\\/\",\"name\":\"Susi & James\",\"description\":\"\",\"potentialAction\":[{\"@type\":\"SearchAction\",\"target\":{\"@type\":\"EntryPoint\",\"urlTemplate\":\"https:\\\/\\\/susiandjames.com\\\/?s={search_term_string}\"},\"query-input\":{\"@type\":\"PropertyValueSpecification\",\"valueRequired\":true,\"valueName\":\"search_term_string\"}}],\"inLanguage\":\"en-US\"},{\"@type\":\"Person\",\"@id\":\"https:\\\/\\\/susiandjames.com\\\/#\\\/schema\\\/person\\\/50c85b733059f91e9917ed7ceca857fe\",\"name\":\"medina\",\"image\":{\"@type\":\"ImageObject\",\"inLanguage\":\"en-US\",\"@id\":\"https:\\\/\\\/secure.gravatar.com\\\/avatar\\\/476a057d062d3d593514185f79bb5eb61b26b1cc87748dc372df1b849c8ddb3e?s=96&d=mm&r=g\",\"url\":\"https:\\\/\\\/secure.gravatar.com\\\/avatar\\\/476a057d062d3d593514185f79bb5eb61b26b1cc87748dc372df1b849c8ddb3e?s=96&d=mm&r=g\",\"contentUrl\":\"https:\\\/\\\/secure.gravatar.com\\\/avatar\\\/476a057d062d3d593514185f79bb5eb61b26b1cc87748dc372df1b849c8ddb3e?s=96&d=mm&r=g\",\"caption\":\"medina\"},\"url\":\"https:\\\/\\\/susiandjames.com\\\/en\\\/author\\\/medina\\\/\"}]}<\/script>\n<!-- \/ Yoast SEO plugin. -->","yoast_head_json":{"title":"Marcel #accelerate - Susi &amp; James","robots":{"index":"index","follow":"follow","max-snippet":"max-snippet:-1","max-image-preview":"max-image-preview:large","max-video-preview":"max-video-preview:-1"},"canonical":"https:\/\/susiandjames.com\/en\/marcel\/","og_locale":"en_US","og_type":"article","og_title":"Marcel #accelerate - Susi &amp; James","og_description":"Marcel schloss sich als Gesch\u00e4ftsf\u00fchrer am 01.01.2021 dem Team der SUSI&James an. Durch seine Management- und F\u00fchrungskompetenz gepaart mit einer umfangreichen Branchenkenntnis, einem gro\u00dfen Netzwerk an Kontakten und langj\u00e4hriger Erfahrung konnte Marcel die Gesch\u00e4ftsentwicklung positiv beeinflussen und die Weiterentwicklung interner Prozesse vorantreiben.","og_url":"https:\/\/susiandjames.com\/en\/marcel\/","og_site_name":"Susi &amp; James","article_published_time":"2023-02-16T15:01:26+00:00","article_modified_time":"2026-03-25T05:39:30+00:00","og_image":[{"width":640,"height":338,"url":"https:\/\/susiandjames.com\/wp-content\/uploads\/2023\/02\/Marcel.jpg","type":"image\/jpeg"}],"author":"medina","twitter_card":"summary_large_image","twitter_misc":{"Written by":"medina","Est. reading time":"5 minutes"},"schema":{"@context":"https:\/\/schema.org","@graph":[{"@type":"Article","@id":"https:\/\/susiandjames.com\/en\/marcel\/#article","isPartOf":{"@id":"https:\/\/susiandjames.com\/en\/marcel\/"},"author":{"name":"medina","@id":"https:\/\/susiandjames.com\/#\/schema\/person\/50c85b733059f91e9917ed7ceca857fe"},"headline":"Marcel #accelerate","datePublished":"2023-02-16T15:01:26+00:00","dateModified":"2026-03-25T05:39:30+00:00","mainEntityOfPage":{"@id":"https:\/\/susiandjames.com\/en\/marcel\/"},"wordCount":922,"commentCount":0,"image":{"@id":"https:\/\/susiandjames.com\/en\/marcel\/#primaryimage"},"thumbnailUrl":"https:\/\/susiandjames.com\/wp-content\/uploads\/2023\/02\/Marcel.jpg","keywords":["CEO","Gesch\u00e4ftsf\u00fchrer"],"articleSection":["Mitarbeiterstories"],"inLanguage":"en-US","potentialAction":[{"@type":"CommentAction","name":"Comment","target":["https:\/\/susiandjames.com\/en\/marcel\/#respond"]}]},{"@type":"WebPage","@id":"https:\/\/susiandjames.com\/en\/marcel\/","url":"https:\/\/susiandjames.com\/en\/marcel\/","name":"Marcel #accelerate - Susi &amp; James","isPartOf":{"@id":"https:\/\/susiandjames.com\/#website"},"primaryImageOfPage":{"@id":"https:\/\/susiandjames.com\/en\/marcel\/#primaryimage"},"image":{"@id":"https:\/\/susiandjames.com\/en\/marcel\/#primaryimage"},"thumbnailUrl":"https:\/\/susiandjames.com\/wp-content\/uploads\/2023\/02\/Marcel.jpg","datePublished":"2023-02-16T15:01:26+00:00","dateModified":"2026-03-25T05:39:30+00:00","author":{"@id":"https:\/\/susiandjames.com\/#\/schema\/person\/50c85b733059f91e9917ed7ceca857fe"},"breadcrumb":{"@id":"https:\/\/susiandjames.com\/en\/marcel\/#breadcrumb"},"inLanguage":"en-US","potentialAction":[{"@type":"ReadAction","target":["https:\/\/susiandjames.com\/en\/marcel\/"]}]},{"@type":"ImageObject","inLanguage":"en-US","@id":"https:\/\/susiandjames.com\/en\/marcel\/#primaryimage","url":"https:\/\/susiandjames.com\/wp-content\/uploads\/2023\/02\/Marcel.jpg","contentUrl":"https:\/\/susiandjames.com\/wp-content\/uploads\/2023\/02\/Marcel.jpg","width":640,"height":338,"caption":"Marcel"},{"@type":"BreadcrumbList","@id":"https:\/\/susiandjames.com\/en\/marcel\/#breadcrumb","itemListElement":[{"@type":"ListItem","position":1,"name":"Home","item":"https:\/\/susiandjames.com\/"},{"@type":"ListItem","position":2,"name":"Marcel #accelerate"}]},{"@type":"WebSite","@id":"https:\/\/susiandjames.com\/#website","url":"https:\/\/susiandjames.com\/","name":"Susi & James","description":"","potentialAction":[{"@type":"SearchAction","target":{"@type":"EntryPoint","urlTemplate":"https:\/\/susiandjames.com\/?s={search_term_string}"},"query-input":{"@type":"PropertyValueSpecification","valueRequired":true,"valueName":"search_term_string"}}],"inLanguage":"en-US"},{"@type":"Person","@id":"https:\/\/susiandjames.com\/#\/schema\/person\/50c85b733059f91e9917ed7ceca857fe","name":"Medina","image":{"@type":"ImageObject","inLanguage":"en-US","@id":"https:\/\/secure.gravatar.com\/avatar\/476a057d062d3d593514185f79bb5eb61b26b1cc87748dc372df1b849c8ddb3e?s=96&d=mm&r=g","url":"https:\/\/secure.gravatar.com\/avatar\/476a057d062d3d593514185f79bb5eb61b26b1cc87748dc372df1b849c8ddb3e?s=96&d=mm&r=g","contentUrl":"https:\/\/secure.gravatar.com\/avatar\/476a057d062d3d593514185f79bb5eb61b26b1cc87748dc372df1b849c8ddb3e?s=96&d=mm&r=g","caption":"medina"},"url":"https:\/\/susiandjames.com\/en\/author\/medina\/"}]}},"_links":{"self":[{"href":"https:\/\/susiandjames.com\/en\/wp-json\/wp\/v2\/posts\/11336","targetHints":{"allow":["GET"]}}],"collection":[{"href":"https:\/\/susiandjames.com\/en\/wp-json\/wp\/v2\/posts"}],"about":[{"href":"https:\/\/susiandjames.com\/en\/wp-json\/wp\/v2\/types\/post"}],"author":[{"embeddable":true,"href":"https:\/\/susiandjames.com\/en\/wp-json\/wp\/v2\/users\/3"}],"replies":[{"embeddable":true,"href":"https:\/\/susiandjames.com\/en\/wp-json\/wp\/v2\/comments?post=11336"}],"version-history":[{"count":1,"href":"https:\/\/susiandjames.com\/en\/wp-json\/wp\/v2\/posts\/11336\/revisions"}],"predecessor-version":[{"id":19464,"href":"https:\/\/susiandjames.com\/en\/wp-json\/wp\/v2\/posts\/11336\/revisions\/19464"}],"wp:featuredmedia":[{"embeddable":true,"href":"https:\/\/susiandjames.com\/en\/wp-json\/wp\/v2\/media\/19452"}],"wp:attachment":[{"href":"https:\/\/susiandjames.com\/en\/wp-json\/wp\/v2\/media?parent=11336"}],"wp:term":[{"taxonomy":"category","embeddable":true,"href":"https:\/\/susiandjames.com\/en\/wp-json\/wp\/v2\/categories?post=11336"},{"taxonomy":"post_tag","embeddable":true,"href":"https:\/\/susiandjames.com\/en\/wp-json\/wp\/v2\/tags?post=11336"}],"curies":[{"name":"wp","href":"https:\/\/api.w.org\/{rel}","templated":true}]}}